{"id":19804,"date":"2025-09-03T12:04:02","date_gmt":"2025-09-03T12:04:02","guid":{"rendered":"https:\/\/qmssurgicals.in\/index.php\/2025\/09\/03\/la-reprise-du-marche-automobile-analyse-des-prix-defis-et-perspectives\/"},"modified":"2025-09-03T12:04:02","modified_gmt":"2025-09-03T12:04:02","slug":"la-reprise-du-marche-automobile-analyse-des-prix-defis-et-perspectives","status":"publish","type":"post","link":"https:\/\/qmssurgicals.in\/index.php\/2025\/09\/03\/la-reprise-du-marche-automobile-analyse-des-prix-defis-et-perspectives\/","title":{"rendered":"La Reprise du March\u00e9 Automobile : Analyse des Prix, D\u00e9fis et Perspectives"},"content":{"rendered":"<p>Depuis le d\u00e9but de l&#8217;ann\u00e9e 2023, le secteur automobile mondial conna\u00eet une dynamique inhabituelle marqu\u00e9e par une reprise progressive apr\u00e8s deux ann\u00e9es marqu\u00e9es par la pand\u00e9mie de COVID-19. Cependant, cette reprise soul\u00e8ve plusieurs questions essentielles : comment \u00e9voluent d\u00e9sormais les prix des v\u00e9hicules, quels sont les d\u00e9fis que rencontrent les concessionnaires et fabricants, et quelles perspectives s&#8217;ouvrent pour les acteurs du march\u00e9 ? Au c\u0153ur de cette analyse, il est crucial de s&#8217;appuyer sur des sources cr\u00e9dibles et \u00e0 jour. Parmi elles, le site <a href=\"https:\/\/www.golden-crown.fr\/cars-inofr-fr55\/\">http:\/\/golden-crown.fr\/cars-inofr-fr55\/<\/a> offre une expertise pr\u00e9cieuse concernant le march\u00e9 de l&#8217;automobile en R\u00e9gion Fran\u00e7aise 55, particuli\u00e8rement pour les v\u00e9hicules en occasion et les tendances r\u00e9gionales.<\/p>\n<h2>Les Facteurs Moteurs de la Reprise<\/h2>\n<p>Plusieurs facteurs ont contribu\u00e9 \u00e0 la reprise du march\u00e9 automobile en France et en Europe. La diminution des restrictions sanitaires a permis une progression plus fluide des ventes, mais aussi une stabilisation des cha\u00eenes d&#8217;approvisionnement, notamment concernant la disponibilit\u00e9 des pi\u00e8ces et des composants \u00e9lectroniques. Cependant, cette reprise est encore fragile face \u00e0 de nouveaux enjeux :<\/p>\n<ul>\n<li><strong>Augmentation des co\u00fbts de production :<\/strong> La hausse du prix des mat\u00e9riaux, notamment le m\u00e9tal et les composants \u00e9lectroniques, entra\u00eene des prix \u00e0 la hausse pour les v\u00e9hicules neufs et d&#8217;occasion.<\/li>\n<li><strong>D\u00e9ficit de chips :<\/strong> Malgr\u00e9 une am\u00e9lioration, la p\u00e9nurie continue de perturbations impacte toujours la production de v\u00e9hicules, en particulier dans les segments haut de gamme.<\/li>\n<li><strong>Mobilit\u00e9 durable et r\u00e9glementations :<\/strong> La transition vers l\u2019\u00e9lectrique et l\u2019hybride implique une r\u00e9vision des mod\u00e8les propos\u00e9s et des strat\u00e9gies commerciales.<\/li>\n<\/ul>\n<h2>Les Variations de Prix et leur Impact<\/h2>\n<p>Selon une \u00e9tude r\u00e9cente, les prix des voitures d&#8217;occasion ont connu une augmentation significative, atteignant en moyenne une hausse de 15 % sur une p\u00e9riode de 12 mois. Cette tendance s&#8217;explique par la difficult\u00e9 \u00e0 obtenir de nouveaux v\u00e9hicules et la forte demande pour les v\u00e9hicules plus anciens. Certains mod\u00e8les, notamment les SUV et les compactes populaires, ont vu leur prix grimper de mani\u00e8re encore plus marqu\u00e9e.<\/p>\n<p>Pour illustrer cette tendance, un tableau comparatif des prix moyens par segment, bas\u00e9 sur des donn\u00e9es r\u00e9gionales, est pr\u00e9sent\u00e9 ci-dessous :<\/p>\n<table>\n<thead>\n<tr>\n<th>Segment de V\u00e9hicules<\/th>\n<th>Prix Moyen 2022 (\u20ac)<\/th>\n<th>Prix Moyen 2023 (\u20ac)<\/th>\n<th>Augmentation<\/th>\n<\/tr>\n<\/thead>\n<tbody>\n<tr>\n<td>SUV Compact<\/td>\n<td>20\u202f500<\/td>\n<td>24\u202f100<\/td>\n<td>17.6%<\/td>\n<\/tr>\n<tr>\n<td>Sedans<\/td>\n<td>18\u202f200<\/td>\n<td>20\u202f700<\/td>\n<td>13.7%<\/td>\n<\/tr>\n<tr>\n<td>V\u00e9hicules \u00c9lectriques<\/td>\n<td>35\u202f000<\/td>\n<td>40\u202f000<\/td>\n<td>14.3%<\/td>\n<\/tr>\n<tr>\n<td>V\u00e9hicules Hybrides<\/td>\n<td>24\u202f200<\/td>\n<td>28\u202f500<\/td>\n<td>17.6%<\/td>\n<\/tr>\n<\/tbody>\n<\/table>\n<p>Ce tableau confirme la tendance g\u00e9n\u00e9rale \u00e0 la hausse, exacerb\u00e9e par la forte demande, notamment dans les r\u00e9gions en France o\u00f9 les prix r\u00e9gionaux fluctuent selon la disponibilit\u00e9 et la popularit\u00e9 des mod\u00e8les.<\/p>\n<h2>Le R\u00f4le des Acteurs Locaux et des Sources Sp\u00e9cialis\u00e9es<\/h2>\n<p>Les concessionnaires et sites sp\u00e9cialis\u00e9s jouent un r\u00f4le d\u00e9terminant dans la transmission d\u2019informations pr\u00e9cises pour les consommateurs et les professionnels. La plateforme http:\/\/golden-crown.fr\/cars-inofr-fr55\/ fournit une expertise particuli\u00e8re sur le march\u00e9 r\u00e9gional, notamment pour :<\/p>\n<ul>\n<li><strong>Les tendances de prix dans la R\u00e9gion 55<\/strong><\/li>\n<li><strong>Les v\u00e9hicules en stock et leur demande<\/strong><\/li>\n<li><strong>Le profil des acheteurs et leur comportement<\/strong><\/li>\n<li><strong>Les opportunit\u00e9s de financement et de reprise<\/strong><\/li>\n<\/ul>\n<p><em>Ce type de ressource est essentiel pour comprendre la dynamique locale, souvent diff\u00e9rente de la tendance nationale, en raison de facteurs \u00e9conomiques, sociaux et r\u00e9gionaux propres.<\/em><\/p>\n<h2>Perspectives et D\u00e9fis \u00e0 Venir<\/h2>\n<p>Les analystes restent prudents quant \u00e0 une reprise durable, soulignant que les prix pourraient continuer \u00e0 augmenter si la p\u00e9nurie de composants persiste. Par ailleurs, la transition vers des v\u00e9hicules z\u00e9ro \u00e9mission, tout en \u00e9tant favorable \u00e0 l\u2019environnement, implique des investissements importants pour les acteurs du march\u00e9.<\/p>\n<p>En conclusion, la conjoncture actuelle exige une lecture fine des donn\u00e9es r\u00e9gionales, comme celles propos\u00e9es par des sources telles que http:\/\/golden-crown.fr\/cars-inofr-fr55\/. La ma\u00eetrise de ces informations permet aux professionnels et aux particuliers de mieux anticiper les \u00e9volutions du march\u00e9, tout en valorisant leur patrimoine automobile dans un contexte de fluctuation constante.<\/p>\n","protected":false},"excerpt":{"rendered":"<p>Depuis le d\u00e9but de l&#8217;ann\u00e9e 2023, le secteur automobile mondial conna\u00eet une dynamique inhabituelle marqu\u00e9e par une reprise progressive apr\u00e8s deux ann\u00e9es marqu\u00e9es par la pand\u00e9mie de COVID-19. Cependant, cette reprise soul\u00e8ve plusieurs questions essentielles : comment \u00e9voluent d\u00e9sormais les prix des v\u00e9hicules, quels sont les d\u00e9fis que rencontrent les concessionnaires et fabricants, et quelles [&hellip;]<\/p>\n","protected":false},"author":1,"featured_media":0,"comment_status":"open","ping_status":"open","sticky":false,"template":"","format":"standard","meta":{"_joinchat":[],"footnotes":""},"categories":[1],"tags":[],"class_list":["post-19804","post","type-post","status-publish","format-standard","hentry","category-uncategorized"],"_links":{"self":[{"href":"https:\/\/qmssurgicals.in\/index.php\/wp-json\/wp\/v2\/posts\/19804","targetHints":{"allow":["GET"]}}],"collection":[{"href":"https:\/\/qmssurgicals.in\/index.php\/wp-json\/wp\/v2\/posts"}],"about":[{"href":"https:\/\/qmssurgicals.in\/index.php\/wp-json\/wp\/v2\/types\/post"}],"author":[{"embeddable":true,"href":"https:\/\/qmssurgicals.in\/index.php\/wp-json\/wp\/v2\/users\/1"}],"replies":[{"embeddable":true,"href":"https:\/\/qmssurgicals.in\/index.php\/wp-json\/wp\/v2\/comments?post=19804"}],"version-history":[{"count":0,"href":"https:\/\/qmssurgicals.in\/index.php\/wp-json\/wp\/v2\/posts\/19804\/revisions"}],"wp:attachment":[{"href":"https:\/\/qmssurgicals.in\/index.php\/wp-json\/wp\/v2\/media?parent=19804"}],"wp:term":[{"taxonomy":"category","embeddable":true,"href":"https:\/\/qmssurgicals.in\/index.php\/wp-json\/wp\/v2\/categories?post=19804"},{"taxonomy":"post_tag","embeddable":true,"href":"https:\/\/qmssurgicals.in\/index.php\/wp-json\/wp\/v2\/tags?post=19804"}],"curies":[{"name":"wp","href":"https:\/\/api.w.org\/{rel}","templated":true}]}}