{"id":16565,"date":"2025-09-01T19:00:01","date_gmt":"2025-09-01T19:00:01","guid":{"rendered":"https:\/\/qmssurgicals.in\/index.php\/2025\/09\/01\/urbanisticka-transformace-a-modernizace-mestskych-sasad-priklad-decina\/"},"modified":"2025-09-01T19:00:01","modified_gmt":"2025-09-01T19:00:01","slug":"urbanisticka-transformace-a-modernizace-mestskych-sasad-priklad-decina","status":"publish","type":"post","link":"https:\/\/qmssurgicals.in\/index.php\/2025\/09\/01\/urbanisticka-transformace-a-modernizace-mestskych-sasad-priklad-decina\/","title":{"rendered":"Urbanistick\u00e1 Transformace a Modernizace M\u011bstsk\u00fdch S\u00e1sad: P\u0159\u00edklad D\u011b\u010d\u00edna"},"content":{"rendered":"<p><em>Ve sv\u011bt\u011b dynamicky se m\u011bn\u00edc\u00edch m\u011bstsk\u00fdch prostor je schopnost adaptace a inovace kl\u00ed\u010dov\u00e1 pro udr\u017eiteln\u00fd rozvoj a kvalitu \u017eivota ob\u010dan\u016f. D\u011b\u010d\u00edn, historicky v\u00fdznamn\u00e9 m\u011bsto v severn\u00edch \u010cech\u00e1ch, je uk\u00e1zkou toho, jak m\u016f\u017ee aktu\u00e1ln\u00ed strategick\u00e1 urbanistick\u00e1 revitalizace posunout m\u011bstskou identitu sm\u011brem k modern\u00edm standard\u016fm, ani\u017e by ztratila sv\u016fj historick\u00fd \u0161arm.<\/em><\/p>\n<h2>V\u00fdznam modernizace v evropsk\u00fdch m\u011bstech: p\u0159\u00edstup a realita<\/h2>\n<p>Ve Velk\u00e9 Brit\u00e1nii, Skandin\u00e1vii \u010di N\u011bmecku je urbanistick\u00e1 modernizace ji\u017e dlouhodob\u011b sou\u010d\u00e1st\u00ed politiky m\u011bstsk\u00fdch samospr\u00e1v. nap\u0159\u00edklad <strong>kampan\u011b pro udr\u017eitelnou novou v\u00fdstavbu<\/strong> \u010di integraci zelen\u00fdch ploch ukazuj\u00ed, \u017ee inovace nejsou pouze o renovac\u00edch, ale i o prom\u00fd\u0161len\u00ed komplexn\u00edho \u017eivotn\u00edho prost\u0159ed\u00ed. Podobn\u00e9 tendence zaznamen\u00e1v\u00e1 i D\u011b\u010d\u00edn, kter\u00fd s pomoc\u00ed krajsk\u00fdch a evropsk\u00fdch fond\u016f realizuje projekty zam\u011b\u0159en\u00e9 na zlep\u0161en\u00ed m\u011bstsk\u00e9 infrastruktury a soci\u00e1ln\u00edho prost\u0159ed\u00ed.<\/p>\n<h2>Kl\u00ed\u010dov\u00e9 aspekty modernizace D\u011b\u010d\u00edna<\/h2>\n<table>\n<thead>\n<tr>\n<th>Oblast modernizace<\/th>\n<th>Hlavn\u00ed iniciativy<\/th>\n<th>Data a o\u010dek\u00e1van\u00e9 p\u0159\u00ednosy<\/th>\n<\/tr>\n<\/thead>\n<tbody>\n<tr>\n<td>Obnova historick\u00fdch j\u00e1der<\/td>\n<td>Rekonstrukce n\u00e1m\u011bst\u00ed a promen\u00e1d, revitalizace st\u00e1rnouc\u00edch budov<\/td>\n<td>2022\u20132024; zv\u00fd\u0161en\u00ed turismu a lok\u00e1ln\u00edho turistick\u00e9ho ruchu o 15%<\/td>\n<\/tr>\n<tr>\n<td>Infrastrukturn\u00ed rozvoj<\/td>\n<td>Modernizace dopravn\u00edch tepen, ve\u0159ejn\u00e9ho osv\u011btlen\u00ed<\/td>\n<td>Zkr\u00e1cen\u00ed doby doj\u00ed\u017ed\u011bn\u00ed o 20%, sn\u00ed\u017een\u00ed energetick\u00e9 spot\u0159eby o 12%<\/td>\n<\/tr>\n<tr>\n<td>Ekologick\u00e9 a zelen\u00e9 prostory<\/td>\n<td>Vytvo\u0159en\u00ed park\u016f, instalace m\u011bstsk\u00fdch zahrad<\/td>\n<td>50% n\u00e1r\u016fst zelen\u00fdch ploch, zlep\u0161en\u00ed ovzdu\u0161\u00ed o 10%<\/td>\n<\/tr>\n<\/tbody>\n<\/table>\n<h2>Transforma\u010dn\u00ed projekty a jejich dopad na m\u00edstn\u00ed komunitu<\/h2>\n<p>Podle odborn\u00fdch anal\u00fdz, implementace moderniza\u010dn\u00edch projekt\u016f v D\u011b\u010d\u00edn\u011b v\u00fdrazn\u011b p\u0159isp\u011bla k pos\u00edlen\u00ed spole\u010densk\u00e9 soudr\u017enosti. M\u00edstn\u00ed obyvatel\u00e9 zaznamenali nejen estetick\u00e1 vylep\u0161en\u00ed, ale i zv\u00fd\u0161en\u00ed dostupnosti slu\u017eeb a ve\u0159ejn\u00fdch prostot. <a href=\"https:\/\/degencity.cz\/\"><strong>degencity.cz<\/strong><\/a> poskytuje komplexn\u00ed p\u0159ehled o trendech v rozvoji m\u011bst, kter\u00e9 kladou d\u016fraz na inovativn\u00ed a udr\u017eiteln\u00e1 \u0159e\u0161en\u00ed, \u0161to je kl\u00ed\u010dov\u00e9 i pro D\u011b\u010d\u00ednsk\u00e9 projekty.<\/p>\n<h2>Pokrok prost\u0159ednictv\u00edm dat a inovac\u00ed<\/h2>\n<blockquote><p>\n&#8220;Data-driven urban planning is the new standard for sustainable city development, allowing for precise decisions that enhance quality of life.&#8221;<\/p><\/blockquote>\n<p>Statistiky a modelov\u00e9 studie, nap\u0159\u00edklad z obdobn\u00fdch evropsk\u00fdch m\u011bst, ukazuj\u00ed, \u017ee investice do inteligentn\u00edch syst\u00e9m\u016f m\u011bstsk\u00e9ho \u0159\u00edzen\u00ed a datov\u00fdch anal\u00fdz p\u0159in\u00e1\u0161ej\u00ed dlouhodobou efektivitu a transparentnost.<\/p>\n<h2>Perspektivy do budoucna: digitalizace a komunitn\u00ed zapojen\u00ed<\/h2>\n<p>Ji\u017e dnes je patrn\u00e1 snaha m\u011bst prom\u011bnit sv\u00e9 obytn\u00e9 prost\u0159ed\u00ed nejen opticky, ale i vnit\u0159n\u011b, prost\u0159ednictv\u00edm digitalizace slu\u017eeb, participativn\u00edch platforem a podpory komunitn\u00edho \u017eivota. D\u011b\u010d\u00edn je aktivn\u00ed v implementaci t\u011bchto trend\u016f, p\u0159i\u010dem\u017e vyu\u017e\u00edv\u00e1 odborn\u00e9 zdroje a inspirace, nap\u0159\u00edklad na <a href=\"https:\/\/degencity.cz\">degencity.cz<\/a>, kde najdete p\u0159\u00ednosn\u00e9 studie a projekty zam\u011b\u0159en\u00e9 na rozvoj m\u011bst ve st\u0159edn\u00ed Evrop\u011b.<\/p>\n<h2>Z\u00e1v\u011br<\/h2>\n<p>Transformace a modernizace m\u011bst je kontinu\u00e1ln\u00ed proces, kter\u00fd vy\u017eaduje promy\u0161len\u00e9 strategie, data a kl\u00ed\u010dov\u00e9 partnery. D\u011b\u010d\u00edn je d\u016fkazem toho, \u017ee i men\u0161\u00ed evropsk\u00e1 m\u011bsta mohou prosperovat prost\u0159ednictv\u00edm inovace, udr\u017eitelnosti a aktivn\u00edho zapojen\u00ed obyvatel. Vyu\u017eit\u00ed zdroj\u016f, jako je <a href=\"https:\/\/degencity.cz\">degencity.cz<\/a>, poskytuje cenn\u00e9 podklady a p\u0159ehledy, kter\u00e9 mohou inspirovat dal\u0161\u00ed m\u011bsta p\u0159i jejich vlastn\u00edch transformac\u00edch.<\/p>\n","protected":false},"excerpt":{"rendered":"<p>Ve sv\u011bt\u011b dynamicky se m\u011bn\u00edc\u00edch m\u011bstsk\u00fdch prostor je schopnost adaptace a inovace kl\u00ed\u010dov\u00e1 pro udr\u017eiteln\u00fd rozvoj a kvalitu \u017eivota ob\u010dan\u016f. D\u011b\u010d\u00edn, historicky v\u00fdznamn\u00e9 m\u011bsto v severn\u00edch \u010cech\u00e1ch, je uk\u00e1zkou toho, jak m\u016f\u017ee aktu\u00e1ln\u00ed strategick\u00e1 urbanistick\u00e1 revitalizace posunout m\u011bstskou identitu sm\u011brem k modern\u00edm standard\u016fm, ani\u017e by ztratila sv\u016fj historick\u00fd \u0161arm. V\u00fdznam modernizace v evropsk\u00fdch m\u011bstech: p\u0159\u00edstup [&hellip;]<\/p>\n","protected":false},"author":1,"featured_media":0,"comment_status":"open","ping_status":"open","sticky":false,"template":"","format":"standard","meta":{"_joinchat":[],"footnotes":""},"categories":[1],"tags":[],"class_list":["post-16565","post","type-post","status-publish","format-standard","hentry","category-uncategorized"],"_links":{"self":[{"href":"https:\/\/qmssurgicals.in\/index.php\/wp-json\/wp\/v2\/posts\/16565","targetHints":{"allow":["GET"]}}],"collection":[{"href":"https:\/\/qmssurgicals.in\/index.php\/wp-json\/wp\/v2\/posts"}],"about":[{"href":"https:\/\/qmssurgicals.in\/index.php\/wp-json\/wp\/v2\/types\/post"}],"author":[{"embeddable":true,"href":"https:\/\/qmssurgicals.in\/index.php\/wp-json\/wp\/v2\/users\/1"}],"replies":[{"embeddable":true,"href":"https:\/\/qmssurgicals.in\/index.php\/wp-json\/wp\/v2\/comments?post=16565"}],"version-history":[{"count":0,"href":"https:\/\/qmssurgicals.in\/index.php\/wp-json\/wp\/v2\/posts\/16565\/revisions"}],"wp:attachment":[{"href":"https:\/\/qmssurgicals.in\/index.php\/wp-json\/wp\/v2\/media?parent=16565"}],"wp:term":[{"taxonomy":"category","embeddable":true,"href":"https:\/\/qmssurgicals.in\/index.php\/wp-json\/wp\/v2\/categories?post=16565"},{"taxonomy":"post_tag","embeddable":true,"href":"https:\/\/qmssurgicals.in\/index.php\/wp-json\/wp\/v2\/tags?post=16565"}],"curies":[{"name":"wp","href":"https:\/\/api.w.org\/{rel}","templated":true}]}}